{"id":712,"date":"2023-10-27T02:43:12","date_gmt":"2023-10-27T00:43:12","guid":{"rendered":"https:\/\/sarahgellini.com\/?p=712"},"modified":"2023-11-01T18:08:26","modified_gmt":"2023-11-01T17:08:26","slug":"sarah-gellini-revisite-richard-cocciante-sortie-le-3-novembre","status":"publish","type":"post","link":"https:\/\/sarahgellini.com\/index.php\/2023\/10\/27\/sarah-gellini-revisite-richard-cocciante-sortie-le-3-novembre\/","title":{"rendered":"Sarah Gellini revisite Richard Cocciante : Sortie le 3 Novembre!"},"content":{"rendered":"<div class=\"wp-block-image\"><figure class=\"aligncenter size-full is-resized\"><img fetchpriority=\"high\" decoding=\"async\" width=\"800\" height=\"800\" src=\"https:\/\/sarahgellini.com\/wp-content\/uploads\/2023\/10\/Pochette_Recto.webp\" alt=\"\" class=\"wp-image-349\" style=\"aspect-ratio:1;width:284px;height:auto\" srcset=\"https:\/\/sarahgellini.com\/wp-content\/uploads\/2023\/10\/Pochette_Recto.webp 800w, https:\/\/sarahgellini.com\/wp-content\/uploads\/2023\/10\/Pochette_Recto-300x300.webp 300w, https:\/\/sarahgellini.com\/wp-content\/uploads\/2023\/10\/Pochette_Recto-150x150.webp 150w, https:\/\/sarahgellini.com\/wp-content\/uploads\/2023\/10\/Pochette_Recto-768x768.webp 768w, https:\/\/sarahgellini.com\/wp-content\/uploads\/2023\/10\/Pochette_Recto-600x600.webp 600w, https:\/\/sarahgellini.com\/wp-content\/uploads\/2023\/10\/Pochette_Recto-100x100.webp 100w\" sizes=\"(max-width: 800px) 100vw, 800px\" \/><\/figure><\/div><p>L\u2019univers musical ne cesse de nous surprendre et cette fois, c&rsquo;est avec une touche nostalgique m\u00eal\u00e9e \u00e0 une fra\u00eecheur contemporaine que Sarah Gellini nous revient. Nous sommes ravis de vous annoncer la sortie, le 3 novembre, de deux reprises des titres intemporels de Richard Cocciante : \u00ab\u00a0Marguerite\u00a0\u00bb et \u00ab\u00a0Il Mio Rifugio\u00a0\u00bb.<\/p><div style=\"height:20px\" aria-hidden=\"true\" class=\"wp-block-spacer\"><\/div><h2 class=\"wp-block-heading\">Deux Classiques, Une Nouvelle Voix :<\/h2><p>Ces deux chansons, grav\u00e9es dans le coeur de nombreuses g\u00e9n\u00e9rations, retrouvent une seconde jeunesse gr\u00e2ce \u00e0 l&rsquo;interpr\u00e9tation unique et poignante de Sarah Gellini. Sans trahir l&rsquo;essence originale des morceaux, elle y apporte sa propre couleur, m\u00e9langeant \u00e9motion pure et modernit\u00e9.<\/p><div style=\"height:20px\" aria-hidden=\"true\" class=\"wp-block-spacer\"><\/div><h2 class=\"wp-block-heading\">Pr\u00e9commandez d\u00e8s maintenant !<\/h2><p>La bonne nouvelle ne s&rsquo;arr\u00eate pas l\u00e0. Pour les m\u00e9lomanes qui souhaitent \u00eatre parmi les premiers \u00e0 red\u00e9couvrir ces chefs-d&rsquo;\u0153uvre, les titres sont d\u00e9j\u00e0 disponibles en <a href=\"https:\/\/sarahgellini.com\/index.php\/produit\/marguerite-ep\/\">pr\u00e9commande ici<\/a>. Ne manquez pas cette opportunit\u00e9 d&rsquo;\u00eatre t\u00e9moin de cette fusion entre classique et contemporain.<\/p><div style=\"height:20px\" aria-hidden=\"true\" class=\"wp-block-spacer\"><\/div><h2 class=\"wp-block-heading\">\u00c9coutez les extraits d\u00e8s aujourd&rsquo;hui:<\/h2><p>Pour vous mettre l&rsquo;eau \u00e0 la bouche, nous avons mis \u00e0 disposition des extraits des deux titres. Laissez-vous s\u00e9duire par la magie de cette nouvelle interpr\u00e9tation.<\/p><div style=\"height:45px\" aria-hidden=\"true\" class=\"wp-block-spacer\"><\/div><div class=\"wp-block-columns is-layout-flex wp-container-core-columns-is-layout-1 wp-block-columns-is-layout-flex\"><div class=\"wp-block-column is-vertically-aligned-center is-layout-flow wp-block-column-is-layout-flow\" style=\"flex-basis:33.33%\"><div class=\"wp-block-image\"><figure class=\"aligncenter size-full is-resized\"><img decoding=\"async\" width=\"800\" height=\"800\" src=\"https:\/\/sarahgellini.com\/wp-content\/uploads\/2023\/10\/CD_White-1.webp\" alt=\"\" class=\"wp-image-548\" style=\"aspect-ratio:1;width:236px;height:auto\" srcset=\"https:\/\/sarahgellini.com\/wp-content\/uploads\/2023\/10\/CD_White-1.webp 800w, https:\/\/sarahgellini.com\/wp-content\/uploads\/2023\/10\/CD_White-1-300x300.webp 300w, https:\/\/sarahgellini.com\/wp-content\/uploads\/2023\/10\/CD_White-1-150x150.webp 150w, https:\/\/sarahgellini.com\/wp-content\/uploads\/2023\/10\/CD_White-1-768x768.webp 768w, https:\/\/sarahgellini.com\/wp-content\/uploads\/2023\/10\/CD_White-1-600x600.webp 600w, https:\/\/sarahgellini.com\/wp-content\/uploads\/2023\/10\/CD_White-1-100x100.webp 100w\" sizes=\"(max-width: 800px) 100vw, 800px\" \/><\/figure><\/div><\/div>\n\n<div class=\"wp-block-column is-vertically-aligned-center is-layout-flow wp-block-column-is-layout-flow\" style=\"flex-basis:66.66%\"><p>1. Marguerite<\/p>\n\n<figure class=\"wp-block-audio\"><audio controls src=\"https:\/\/sarahgellini.com\/wp-content\/uploads\/2023\/10\/01-Marguerite-2_Extrait.mp3\"><\/audio><\/figure>\n\n<p>2. Il Mio Rifugio<\/p>\n\n<figure class=\"wp-block-audio\"><audio controls src=\"https:\/\/sarahgellini.com\/wp-content\/uploads\/2023\/10\/02-Il-Mio-Rifugio-2_Extrait.mp3\"><\/audio><\/figure><\/div><\/div><div style=\"height:20px\" aria-hidden=\"true\" class=\"wp-block-spacer\"><\/div><h2 class=\"wp-block-heading\">Conclusion:<\/h2><p>Richard Cocciante a su toucher des millions de personnes avec \u00ab\u00a0Marguerite\u00a0\u00bb et \u00ab\u00a0Il Mio Rifugio\u00a0\u00bb. Aujourd&rsquo;hui, Sarah Gellini lui rend hommage de la plus belle des mani\u00e8res. Joignez-vous \u00e0 nous le 3 novembre pour c\u00e9l\u00e9brer cette magnifique renaissance musicale.<\/p><p>Partagez cette nouvelle avec vos proches, laissez-vous transporter par les extraits et n&rsquo;oubliez pas de suivre Sarah Gellini sur ses r\u00e9seaux sociaux pour rester inform\u00e9s des prochaines actualit\u00e9s!<\/p>","protected":false},"excerpt":{"rendered":"<p>L\u2019univers musical ne cesse de nous surprendre et cette fois, c&rsquo;est avec une touche nostalgique m\u00eal\u00e9e \u00e0 une fra\u00eecheur contemporaine que Sarah Gellini nous revient. Nous sommes ravis de vous annoncer la sortie, le 3 novembre, de deux reprises des titres intemporels de Richard Cocciante : \u00ab\u00a0Marguerite\u00a0\u00bb et \u00ab\u00a0Il Mio Rifugio\u00a0\u00bb. Deux Classiques, Une Nouvelle [&hellip;]<\/p>\n","protected":false},"author":1,"featured_media":349,"comment_status":"open","ping_status":"open","sticky":false,"template":"","format":"standard","meta":{"footnotes":""},"categories":[32],"tags":[],"yoast_head":"<!-- This site is optimized with the Yoast SEO plugin v24.5 - https:\/\/yoast.com\/wordpress\/plugins\/seo\/ -->\n<title>Sarah Gellini revisite Richard Cocciante : Sortie le 3 Novembre! - Sarah Gellini<\/title>\n<meta name=\"description\" content=\"Sortie du premier single de Sarah Gellini : d\u00e9couvrez le d\u00e9but enchanteur de cette chanteuse franco-italienne. Une m\u00e9lodie \u00e0 ne pas manquer!\" \/>\n<meta name=\"robots\" content=\"index, follow, max-snippet:-1, max-image-preview:large, max-video-preview:-1\" \/>\n<link rel=\"canonical\" href=\"https:\/\/sarahgellini.com\/index.php\/2023\/10\/27\/sarah-gellini-revisite-richard-cocciante-sortie-le-3-novembre\/\" \/>\n<meta property=\"og:locale\" content=\"fr_FR\" \/>\n<meta property=\"og:type\" content=\"article\" \/>\n<meta property=\"og:title\" content=\"Sarah Gellini revisite Richard Cocciante : Sortie le 3 Novembre! - Sarah Gellini\" \/>\n<meta property=\"og:description\" content=\"Sortie du premier single de Sarah Gellini : d\u00e9couvrez le d\u00e9but enchanteur de cette chanteuse franco-italienne. Une m\u00e9lodie \u00e0 ne pas manquer!\" \/>\n<meta property=\"og:url\" content=\"https:\/\/sarahgellini.com\/index.php\/2023\/10\/27\/sarah-gellini-revisite-richard-cocciante-sortie-le-3-novembre\/\" \/>\n<meta property=\"og:site_name\" content=\"Sarah Gellini\" \/>\n<meta property=\"article:publisher\" content=\"https:\/\/www.facebook.com\/sarah.gellini\" \/>\n<meta property=\"article:published_time\" content=\"2023-10-27T00:43:12+00:00\" \/>\n<meta property=\"article:modified_time\" content=\"2023-11-01T17:08:26+00:00\" \/>\n<meta property=\"og:image\" content=\"https:\/\/sarahgellini.com\/wp-content\/uploads\/2023\/10\/Pochette_Recto.webp\" \/>\n\t<meta property=\"og:image:width\" content=\"800\" \/>\n\t<meta property=\"og:image:height\" content=\"800\" \/>\n\t<meta property=\"og:image:type\" content=\"image\/webp\" \/>\n<meta name=\"author\" content=\"birriensarah\" \/>\n<meta name=\"twitter:card\" content=\"summary_large_image\" \/>\n<meta name=\"twitter:label1\" content=\"\u00c9crit par\" \/>\n\t<meta name=\"twitter:data1\" content=\"birriensarah\" \/>\n\t<meta name=\"twitter:label2\" content=\"Dur\u00e9e de lecture estim\u00e9e\" \/>\n\t<meta name=\"twitter:data2\" content=\"2 minutes\" \/>\n<script type=\"application\/ld+json\" class=\"yoast-schema-graph\">{\"@context\":\"https:\/\/schema.org\",\"@graph\":[{\"@type\":\"Article\",\"@id\":\"https:\/\/sarahgellini.com\/index.php\/2023\/10\/27\/sarah-gellini-revisite-richard-cocciante-sortie-le-3-novembre\/#article\",\"isPartOf\":{\"@id\":\"https:\/\/sarahgellini.com\/index.php\/2023\/10\/27\/sarah-gellini-revisite-richard-cocciante-sortie-le-3-novembre\/\"},\"author\":{\"name\":\"birriensarah\",\"@id\":\"https:\/\/sarahgellini.com\/#\/schema\/person\/d3987f939e37b3b763878d1e7d81de9b\"},\"headline\":\"Sarah Gellini revisite Richard Cocciante : Sortie le 3 Novembre!\",\"datePublished\":\"2023-10-27T00:43:12+00:00\",\"dateModified\":\"2023-11-01T17:08:26+00:00\",\"mainEntityOfPage\":{\"@id\":\"https:\/\/sarahgellini.com\/index.php\/2023\/10\/27\/sarah-gellini-revisite-richard-cocciante-sortie-le-3-novembre\/\"},\"wordCount\":280,\"commentCount\":0,\"publisher\":{\"@id\":\"https:\/\/sarahgellini.com\/#organization\"},\"image\":{\"@id\":\"https:\/\/sarahgellini.com\/index.php\/2023\/10\/27\/sarah-gellini-revisite-richard-cocciante-sortie-le-3-novembre\/#primaryimage\"},\"thumbnailUrl\":\"https:\/\/sarahgellini.com\/wp-content\/uploads\/2023\/10\/Pochette_Recto.webp\",\"inLanguage\":\"fr-FR\",\"potentialAction\":[{\"@type\":\"CommentAction\",\"name\":\"Comment\",\"target\":[\"https:\/\/sarahgellini.com\/index.php\/2023\/10\/27\/sarah-gellini-revisite-richard-cocciante-sortie-le-3-novembre\/#respond\"]}]},{\"@type\":\"WebPage\",\"@id\":\"https:\/\/sarahgellini.com\/index.php\/2023\/10\/27\/sarah-gellini-revisite-richard-cocciante-sortie-le-3-novembre\/\",\"url\":\"https:\/\/sarahgellini.com\/index.php\/2023\/10\/27\/sarah-gellini-revisite-richard-cocciante-sortie-le-3-novembre\/\",\"name\":\"Sarah Gellini revisite Richard Cocciante : Sortie le 3 Novembre! - Sarah Gellini\",\"isPartOf\":{\"@id\":\"https:\/\/sarahgellini.com\/#website\"},\"primaryImageOfPage\":{\"@id\":\"https:\/\/sarahgellini.com\/index.php\/2023\/10\/27\/sarah-gellini-revisite-richard-cocciante-sortie-le-3-novembre\/#primaryimage\"},\"image\":{\"@id\":\"https:\/\/sarahgellini.com\/index.php\/2023\/10\/27\/sarah-gellini-revisite-richard-cocciante-sortie-le-3-novembre\/#primaryimage\"},\"thumbnailUrl\":\"https:\/\/sarahgellini.com\/wp-content\/uploads\/2023\/10\/Pochette_Recto.webp\",\"datePublished\":\"2023-10-27T00:43:12+00:00\",\"dateModified\":\"2023-11-01T17:08:26+00:00\",\"description\":\"Sortie du premier single de Sarah Gellini : d\u00e9couvrez le d\u00e9but enchanteur de cette chanteuse franco-italienne. Une m\u00e9lodie \u00e0 ne pas manquer!\",\"breadcrumb\":{\"@id\":\"https:\/\/sarahgellini.com\/index.php\/2023\/10\/27\/sarah-gellini-revisite-richard-cocciante-sortie-le-3-novembre\/#breadcrumb\"},\"inLanguage\":\"fr-FR\",\"potentialAction\":[{\"@type\":\"ReadAction\",\"target\":[\"https:\/\/sarahgellini.com\/index.php\/2023\/10\/27\/sarah-gellini-revisite-richard-cocciante-sortie-le-3-novembre\/\"]}]},{\"@type\":\"ImageObject\",\"inLanguage\":\"fr-FR\",\"@id\":\"https:\/\/sarahgellini.com\/index.php\/2023\/10\/27\/sarah-gellini-revisite-richard-cocciante-sortie-le-3-novembre\/#primaryimage\",\"url\":\"https:\/\/sarahgellini.com\/wp-content\/uploads\/2023\/10\/Pochette_Recto.webp\",\"contentUrl\":\"https:\/\/sarahgellini.com\/wp-content\/uploads\/2023\/10\/Pochette_Recto.webp\",\"width\":800,\"height\":800},{\"@type\":\"BreadcrumbList\",\"@id\":\"https:\/\/sarahgellini.com\/index.php\/2023\/10\/27\/sarah-gellini-revisite-richard-cocciante-sortie-le-3-novembre\/#breadcrumb\",\"itemListElement\":[{\"@type\":\"ListItem\",\"position\":1,\"name\":\"Accueil\",\"item\":\"https:\/\/sarahgellini.com\/\"},{\"@type\":\"ListItem\",\"position\":2,\"name\":\"Sarah Gellini revisite Richard Cocciante : Sortie le 3 Novembre!\"}]},{\"@type\":\"WebSite\",\"@id\":\"https:\/\/sarahgellini.com\/#website\",\"url\":\"https:\/\/sarahgellini.com\/\",\"name\":\"Sarah Gellini\",\"description\":\"Chanteuse-auteure-interpr\u00e8te - Chansons fran\u00e7aises et italiennes\",\"publisher\":{\"@id\":\"https:\/\/sarahgellini.com\/#organization\"},\"potentialAction\":[{\"@type\":\"SearchAction\",\"target\":{\"@type\":\"EntryPoint\",\"urlTemplate\":\"https:\/\/sarahgellini.com\/?s={search_term_string}\"},\"query-input\":{\"@type\":\"PropertyValueSpecification\",\"valueRequired\":true,\"valueName\":\"search_term_string\"}}],\"inLanguage\":\"fr-FR\"},{\"@type\":\"Organization\",\"@id\":\"https:\/\/sarahgellini.com\/#organization\",\"name\":\"Sarah Gellini\",\"url\":\"https:\/\/sarahgellini.com\/\",\"logo\":{\"@type\":\"ImageObject\",\"inLanguage\":\"fr-FR\",\"@id\":\"https:\/\/sarahgellini.com\/#\/schema\/logo\/image\/\",\"url\":\"https:\/\/sarahgellini.com\/wp-content\/uploads\/2023\/09\/Sarah-Gellini_white_high-res-copie-scaled.webp\",\"contentUrl\":\"https:\/\/sarahgellini.com\/wp-content\/uploads\/2023\/09\/Sarah-Gellini_white_high-res-copie-scaled.webp\",\"width\":2560,\"height\":1707,\"caption\":\"Sarah Gellini\"},\"image\":{\"@id\":\"https:\/\/sarahgellini.com\/#\/schema\/logo\/image\/\"},\"sameAs\":[\"https:\/\/www.facebook.com\/sarah.gellini\",\"https:\/\/www.instagram.com\/sarah_gellini\/\",\"https:\/\/www.youtube.com\/@sarahgellini\",\"https:\/\/www.tiktok.com\/@sarahgellini\"]},{\"@type\":\"Person\",\"@id\":\"https:\/\/sarahgellini.com\/#\/schema\/person\/d3987f939e37b3b763878d1e7d81de9b\",\"name\":\"birriensarah\",\"image\":{\"@type\":\"ImageObject\",\"inLanguage\":\"fr-FR\",\"@id\":\"https:\/\/sarahgellini.com\/#\/schema\/person\/image\/\",\"url\":\"https:\/\/secure.gravatar.com\/avatar\/07baf323253f666d3d0ad0230a547746?s=96&d=mm&r=g\",\"contentUrl\":\"https:\/\/secure.gravatar.com\/avatar\/07baf323253f666d3d0ad0230a547746?s=96&d=mm&r=g\",\"caption\":\"birriensarah\"},\"sameAs\":[\"https:\/\/sarahgellini.com\"],\"url\":\"https:\/\/sarahgellini.com\/index.php\/author\/birriensarah\/\"}]}<\/script>\n<!-- \/ Yoast SEO plugin. -->","yoast_head_json":{"title":"Sarah Gellini revisite Richard Cocciante : Sortie le 3 Novembre! - Sarah Gellini","description":"Sortie du premier single de Sarah Gellini : d\u00e9couvrez le d\u00e9but enchanteur de cette chanteuse franco-italienne. Une m\u00e9lodie \u00e0 ne pas manquer!","robots":{"index":"index","follow":"follow","max-snippet":"max-snippet:-1","max-image-preview":"max-image-preview:large","max-video-preview":"max-video-preview:-1"},"canonical":"https:\/\/sarahgellini.com\/index.php\/2023\/10\/27\/sarah-gellini-revisite-richard-cocciante-sortie-le-3-novembre\/","og_locale":"fr_FR","og_type":"article","og_title":"Sarah Gellini revisite Richard Cocciante : Sortie le 3 Novembre! - Sarah Gellini","og_description":"Sortie du premier single de Sarah Gellini : d\u00e9couvrez le d\u00e9but enchanteur de cette chanteuse franco-italienne. Une m\u00e9lodie \u00e0 ne pas manquer!","og_url":"https:\/\/sarahgellini.com\/index.php\/2023\/10\/27\/sarah-gellini-revisite-richard-cocciante-sortie-le-3-novembre\/","og_site_name":"Sarah Gellini","article_publisher":"https:\/\/www.facebook.com\/sarah.gellini","article_published_time":"2023-10-27T00:43:12+00:00","article_modified_time":"2023-11-01T17:08:26+00:00","og_image":[{"width":800,"height":800,"url":"https:\/\/sarahgellini.com\/wp-content\/uploads\/2023\/10\/Pochette_Recto.webp","type":"image\/webp"}],"author":"birriensarah","twitter_card":"summary_large_image","twitter_misc":{"\u00c9crit par":"birriensarah","Dur\u00e9e de lecture estim\u00e9e":"2 minutes"},"schema":{"@context":"https:\/\/schema.org","@graph":[{"@type":"Article","@id":"https:\/\/sarahgellini.com\/index.php\/2023\/10\/27\/sarah-gellini-revisite-richard-cocciante-sortie-le-3-novembre\/#article","isPartOf":{"@id":"https:\/\/sarahgellini.com\/index.php\/2023\/10\/27\/sarah-gellini-revisite-richard-cocciante-sortie-le-3-novembre\/"},"author":{"name":"birriensarah","@id":"https:\/\/sarahgellini.com\/#\/schema\/person\/d3987f939e37b3b763878d1e7d81de9b"},"headline":"Sarah Gellini revisite Richard Cocciante : Sortie le 3 Novembre!","datePublished":"2023-10-27T00:43:12+00:00","dateModified":"2023-11-01T17:08:26+00:00","mainEntityOfPage":{"@id":"https:\/\/sarahgellini.com\/index.php\/2023\/10\/27\/sarah-gellini-revisite-richard-cocciante-sortie-le-3-novembre\/"},"wordCount":280,"commentCount":0,"publisher":{"@id":"https:\/\/sarahgellini.com\/#organization"},"image":{"@id":"https:\/\/sarahgellini.com\/index.php\/2023\/10\/27\/sarah-gellini-revisite-richard-cocciante-sortie-le-3-novembre\/#primaryimage"},"thumbnailUrl":"https:\/\/sarahgellini.com\/wp-content\/uploads\/2023\/10\/Pochette_Recto.webp","inLanguage":"fr-FR","potentialAction":[{"@type":"CommentAction","name":"Comment","target":["https:\/\/sarahgellini.com\/index.php\/2023\/10\/27\/sarah-gellini-revisite-richard-cocciante-sortie-le-3-novembre\/#respond"]}]},{"@type":"WebPage","@id":"https:\/\/sarahgellini.com\/index.php\/2023\/10\/27\/sarah-gellini-revisite-richard-cocciante-sortie-le-3-novembre\/","url":"https:\/\/sarahgellini.com\/index.php\/2023\/10\/27\/sarah-gellini-revisite-richard-cocciante-sortie-le-3-novembre\/","name":"Sarah Gellini revisite Richard Cocciante : Sortie le 3 Novembre! - Sarah Gellini","isPartOf":{"@id":"https:\/\/sarahgellini.com\/#website"},"primaryImageOfPage":{"@id":"https:\/\/sarahgellini.com\/index.php\/2023\/10\/27\/sarah-gellini-revisite-richard-cocciante-sortie-le-3-novembre\/#primaryimage"},"image":{"@id":"https:\/\/sarahgellini.com\/index.php\/2023\/10\/27\/sarah-gellini-revisite-richard-cocciante-sortie-le-3-novembre\/#primaryimage"},"thumbnailUrl":"https:\/\/sarahgellini.com\/wp-content\/uploads\/2023\/10\/Pochette_Recto.webp","datePublished":"2023-10-27T00:43:12+00:00","dateModified":"2023-11-01T17:08:26+00:00","description":"Sortie du premier single de Sarah Gellini : d\u00e9couvrez le d\u00e9but enchanteur de cette chanteuse franco-italienne. Une m\u00e9lodie \u00e0 ne pas manquer!","breadcrumb":{"@id":"https:\/\/sarahgellini.com\/index.php\/2023\/10\/27\/sarah-gellini-revisite-richard-cocciante-sortie-le-3-novembre\/#breadcrumb"},"inLanguage":"fr-FR","potentialAction":[{"@type":"ReadAction","target":["https:\/\/sarahgellini.com\/index.php\/2023\/10\/27\/sarah-gellini-revisite-richard-cocciante-sortie-le-3-novembre\/"]}]},{"@type":"ImageObject","inLanguage":"fr-FR","@id":"https:\/\/sarahgellini.com\/index.php\/2023\/10\/27\/sarah-gellini-revisite-richard-cocciante-sortie-le-3-novembre\/#primaryimage","url":"https:\/\/sarahgellini.com\/wp-content\/uploads\/2023\/10\/Pochette_Recto.webp","contentUrl":"https:\/\/sarahgellini.com\/wp-content\/uploads\/2023\/10\/Pochette_Recto.webp","width":800,"height":800},{"@type":"BreadcrumbList","@id":"https:\/\/sarahgellini.com\/index.php\/2023\/10\/27\/sarah-gellini-revisite-richard-cocciante-sortie-le-3-novembre\/#breadcrumb","itemListElement":[{"@type":"ListItem","position":1,"name":"Accueil","item":"https:\/\/sarahgellini.com\/"},{"@type":"ListItem","position":2,"name":"Sarah Gellini revisite Richard Cocciante : Sortie le 3 Novembre!"}]},{"@type":"WebSite","@id":"https:\/\/sarahgellini.com\/#website","url":"https:\/\/sarahgellini.com\/","name":"Sarah Gellini","description":"Chanteuse-auteure-interpr\u00e8te - Chansons fran\u00e7aises et italiennes","publisher":{"@id":"https:\/\/sarahgellini.com\/#organization"},"potentialAction":[{"@type":"SearchAction","target":{"@type":"EntryPoint","urlTemplate":"https:\/\/sarahgellini.com\/?s={search_term_string}"},"query-input":{"@type":"PropertyValueSpecification","valueRequired":true,"valueName":"search_term_string"}}],"inLanguage":"fr-FR"},{"@type":"Organization","@id":"https:\/\/sarahgellini.com\/#organization","name":"Sarah Gellini","url":"https:\/\/sarahgellini.com\/","logo":{"@type":"ImageObject","inLanguage":"fr-FR","@id":"https:\/\/sarahgellini.com\/#\/schema\/logo\/image\/","url":"https:\/\/sarahgellini.com\/wp-content\/uploads\/2023\/09\/Sarah-Gellini_white_high-res-copie-scaled.webp","contentUrl":"https:\/\/sarahgellini.com\/wp-content\/uploads\/2023\/09\/Sarah-Gellini_white_high-res-copie-scaled.webp","width":2560,"height":1707,"caption":"Sarah Gellini"},"image":{"@id":"https:\/\/sarahgellini.com\/#\/schema\/logo\/image\/"},"sameAs":["https:\/\/www.facebook.com\/sarah.gellini","https:\/\/www.instagram.com\/sarah_gellini\/","https:\/\/www.youtube.com\/@sarahgellini","https:\/\/www.tiktok.com\/@sarahgellini"]},{"@type":"Person","@id":"https:\/\/sarahgellini.com\/#\/schema\/person\/d3987f939e37b3b763878d1e7d81de9b","name":"birriensarah","image":{"@type":"ImageObject","inLanguage":"fr-FR","@id":"https:\/\/sarahgellini.com\/#\/schema\/person\/image\/","url":"https:\/\/secure.gravatar.com\/avatar\/07baf323253f666d3d0ad0230a547746?s=96&d=mm&r=g","contentUrl":"https:\/\/secure.gravatar.com\/avatar\/07baf323253f666d3d0ad0230a547746?s=96&d=mm&r=g","caption":"birriensarah"},"sameAs":["https:\/\/sarahgellini.com"],"url":"https:\/\/sarahgellini.com\/index.php\/author\/birriensarah\/"}]}},"_links":{"self":[{"href":"https:\/\/sarahgellini.com\/index.php\/wp-json\/wp\/v2\/posts\/712"}],"collection":[{"href":"https:\/\/sarahgellini.com\/index.php\/wp-json\/wp\/v2\/posts"}],"about":[{"href":"https:\/\/sarahgellini.com\/index.php\/wp-json\/wp\/v2\/types\/post"}],"author":[{"embeddable":true,"href":"https:\/\/sarahgellini.com\/index.php\/wp-json\/wp\/v2\/users\/1"}],"replies":[{"embeddable":true,"href":"https:\/\/sarahgellini.com\/index.php\/wp-json\/wp\/v2\/comments?post=712"}],"version-history":[{"count":10,"href":"https:\/\/sarahgellini.com\/index.php\/wp-json\/wp\/v2\/posts\/712\/revisions"}],"predecessor-version":[{"id":883,"href":"https:\/\/sarahgellini.com\/index.php\/wp-json\/wp\/v2\/posts\/712\/revisions\/883"}],"wp:featuredmedia":[{"embeddable":true,"href":"https:\/\/sarahgellini.com\/index.php\/wp-json\/wp\/v2\/media\/349"}],"wp:attachment":[{"href":"https:\/\/sarahgellini.com\/index.php\/wp-json\/wp\/v2\/media?parent=712"}],"wp:term":[{"taxonomy":"category","embeddable":true,"href":"https:\/\/sarahgellini.com\/index.php\/wp-json\/wp\/v2\/categories?post=712"},{"taxonomy":"post_tag","embeddable":true,"href":"https:\/\/sarahgellini.com\/index.php\/wp-json\/wp\/v2\/tags?post=712"}],"curies":[{"name":"wp","href":"https:\/\/api.w.org\/{rel}","templated":true}]}}