{"id":839,"date":"2023-11-01T12:58:11","date_gmt":"2023-11-01T11:58:11","guid":{"rendered":"https:\/\/sarahgellini.com\/?p=839"},"modified":"2023-11-01T18:08:43","modified_gmt":"2023-11-01T17:08:43","slug":"sarah-gellini-revisits-richard-cocciante-release-on-november-3rd","status":"publish","type":"post","link":"https:\/\/sarahgellini.com\/index.php\/en\/2023\/11\/01\/sarah-gellini-revisits-richard-cocciante-release-on-november-3rd\/","title":{"rendered":"Sarah Gellini revisits Richard Cocciante: Release on November 3rd!"},"content":{"rendered":"<div class=\"wp-block-image\"><figure class=\"aligncenter size-full is-resized\"><img fetchpriority=\"high\" decoding=\"async\" width=\"800\" height=\"800\" src=\"https:\/\/sarahgellini.com\/wp-content\/uploads\/2023\/10\/Pochette_Recto.webp\" alt=\"\" class=\"wp-image-349\" style=\"aspect-ratio:1;width:284px;height:auto\" srcset=\"https:\/\/sarahgellini.com\/wp-content\/uploads\/2023\/10\/Pochette_Recto.webp 800w, https:\/\/sarahgellini.com\/wp-content\/uploads\/2023\/10\/Pochette_Recto-300x300.webp 300w, https:\/\/sarahgellini.com\/wp-content\/uploads\/2023\/10\/Pochette_Recto-150x150.webp 150w, https:\/\/sarahgellini.com\/wp-content\/uploads\/2023\/10\/Pochette_Recto-768x768.webp 768w, https:\/\/sarahgellini.com\/wp-content\/uploads\/2023\/10\/Pochette_Recto-600x600.webp 600w, https:\/\/sarahgellini.com\/wp-content\/uploads\/2023\/10\/Pochette_Recto-100x100.webp 100w\" sizes=\"(max-width: 800px) 100vw, 800px\" \/><\/figure><\/div><p>The musical universe never ceases to amaze us, and this time, it&rsquo;s with a touch of nostalgia blended with contemporary freshness that Sarah Gellini returns. We are thrilled to announce the release on November 3rd of two covers of Richard Cocciante&rsquo;s timeless tracks: \u00ab\u00a0Marguerite\u00a0\u00bb and \u00ab\u00a0Il Mio Rifugio\u00a0\u00bb.<\/p><div style=\"height:20px\" aria-hidden=\"true\" class=\"wp-block-spacer\"><\/div><h2 class=\"wp-block-heading\">Two Classics, One New Voice:<\/h2><p>These two songs, etched in the hearts of many generations, find a second youth through the unique and poignant interpretation of Sarah Gellini. Without betraying the original essence of the tracks, she brings her own color to them, blending pure emotion and modernity.<\/p><div style=\"height:20px\" aria-hidden=\"true\" class=\"wp-block-spacer\"><\/div><h2 class=\"wp-block-heading\">Pre-order now!<\/h2><p>The good news doesn&rsquo;t stop there. For music lovers who wish to be among the first to rediscover these masterpieces, the tracks are already available for <a href=\"https:\/\/sarahgellini.com\/index.php\/produit\/marguerite-ep\/\">pre-order here<\/a>. Don&rsquo;t miss this opportunity to witness this fusion between classic and contemporary.<\/p><div style=\"height:20px\" aria-hidden=\"true\" class=\"wp-block-spacer\"><\/div><h2 class=\"wp-block-heading\">Listen to the previews today:<\/h2><p>To whet your appetite, we have made excerpts from the two tracks available. Let yourself be charmed by the magic of this new interpretation.<\/p><div style=\"height:45px\" aria-hidden=\"true\" class=\"wp-block-spacer\"><\/div><div class=\"wp-block-columns is-layout-flex wp-container-core-columns-is-layout-1 wp-block-columns-is-layout-flex\"><div class=\"wp-block-column is-vertically-aligned-center is-layout-flow wp-block-column-is-layout-flow\" style=\"flex-basis:33.33%\"><div class=\"wp-block-image\"><figure class=\"aligncenter size-full is-resized\"><img decoding=\"async\" width=\"800\" height=\"800\" src=\"https:\/\/sarahgellini.com\/wp-content\/uploads\/2023\/10\/CD_White-1.webp\" alt=\"\" class=\"wp-image-548\" style=\"aspect-ratio:1;width:236px;height:auto\" srcset=\"https:\/\/sarahgellini.com\/wp-content\/uploads\/2023\/10\/CD_White-1.webp 800w, https:\/\/sarahgellini.com\/wp-content\/uploads\/2023\/10\/CD_White-1-300x300.webp 300w, https:\/\/sarahgellini.com\/wp-content\/uploads\/2023\/10\/CD_White-1-150x150.webp 150w, https:\/\/sarahgellini.com\/wp-content\/uploads\/2023\/10\/CD_White-1-768x768.webp 768w, https:\/\/sarahgellini.com\/wp-content\/uploads\/2023\/10\/CD_White-1-600x600.webp 600w, https:\/\/sarahgellini.com\/wp-content\/uploads\/2023\/10\/CD_White-1-100x100.webp 100w\" sizes=\"(max-width: 800px) 100vw, 800px\" \/><\/figure><\/div><\/div>\n\n<div class=\"wp-block-column is-vertically-aligned-center is-layout-flow wp-block-column-is-layout-flow\" style=\"flex-basis:66.66%\"><p>1. Marguerite<\/p>\n\n<figure class=\"wp-block-audio\"><audio controls src=\"https:\/\/sarahgellini.com\/wp-content\/uploads\/2023\/10\/01-Marguerite-2_Extrait.mp3\"><\/audio><\/figure>\n\n<p>2. Il Mio Rifugio<\/p>\n\n<figure class=\"wp-block-audio\"><audio controls src=\"https:\/\/sarahgellini.com\/wp-content\/uploads\/2023\/10\/02-Il-Mio-Rifugio-2_Extrait.mp3\"><\/audio><\/figure><\/div><\/div><div style=\"height:20px\" aria-hidden=\"true\" class=\"wp-block-spacer\"><\/div><h2 class=\"wp-block-heading\">Conclusion:<\/h2><p>Richard Cocciante has touched millions of people with \u00ab\u00a0Marguerite\u00a0\u00bb and \u00ab\u00a0Il Mio Rifugio\u00a0\u00bb. Today, Sarah Gellini pays tribute to him in the most beautiful way. Join us on November 3rd to celebrate this magnificent musical revival.<\/p><p>Share this news with your loved ones, let yourself be carried away by the previews, and don&rsquo;t forget to follow Sarah Gellini on her social media channels to stay updated on upcoming news!<\/p>","protected":false},"excerpt":{"rendered":"<p>The musical universe never ceases to amaze us, and this time, it&rsquo;s with a touch of nostalgia blended with contemporary freshness that Sarah Gellini returns. We are thrilled to announce the release on November 3rd of two covers of Richard Cocciante&rsquo;s timeless tracks: \u00ab\u00a0Marguerite\u00a0\u00bb and \u00ab\u00a0Il Mio Rifugio\u00a0\u00bb. Two Classics, One New Voice: These two [&hellip;]<\/p>\n","protected":false},"author":2,"featured_media":349,"comment_status":"open","ping_status":"open","sticky":false,"template":"","format":"standard","meta":{"footnotes":""},"categories":[1],"tags":[],"yoast_head":"<!-- This site is optimized with the Yoast SEO plugin v24.5 - https:\/\/yoast.com\/wordpress\/plugins\/seo\/ -->\n<title>Sarah Gellini revisits Richard Cocciante: Release on November 3rd! - Sarah Gellini<\/title>\n<meta name=\"description\" content=\"Release of Sarah Gellini&#039;s first single: discover the enchanting debut of this Franco-Italian singer. A melody not to be missed!\" \/>\n<meta name=\"robots\" content=\"index, follow, max-snippet:-1, max-image-preview:large, max-video-preview:-1\" \/>\n<link rel=\"canonical\" href=\"https:\/\/sarahgellini.com\/index.php\/en\/2023\/11\/01\/sarah-gellini-revisits-richard-cocciante-release-on-november-3rd\/\" \/>\n<meta property=\"og:locale\" content=\"fr_FR\" \/>\n<meta property=\"og:type\" content=\"article\" \/>\n<meta property=\"og:title\" content=\"Sarah Gellini revisits Richard Cocciante: Release on November 3rd! - Sarah Gellini\" \/>\n<meta property=\"og:description\" content=\"Release of Sarah Gellini&#039;s first single: discover the enchanting debut of this Franco-Italian singer. A melody not to be missed!\" \/>\n<meta property=\"og:url\" content=\"https:\/\/sarahgellini.com\/index.php\/en\/2023\/11\/01\/sarah-gellini-revisits-richard-cocciante-release-on-november-3rd\/\" \/>\n<meta property=\"og:site_name\" content=\"Sarah Gellini\" \/>\n<meta property=\"article:publisher\" content=\"https:\/\/www.facebook.com\/sarah.gellini\" \/>\n<meta property=\"article:published_time\" content=\"2023-11-01T11:58:11+00:00\" \/>\n<meta property=\"article:modified_time\" content=\"2023-11-01T17:08:43+00:00\" \/>\n<meta property=\"og:image\" content=\"https:\/\/sarahgellini.com\/wp-content\/uploads\/2023\/10\/Pochette_Recto.webp\" \/>\n\t<meta property=\"og:image:width\" content=\"800\" \/>\n\t<meta property=\"og:image:height\" content=\"800\" \/>\n\t<meta property=\"og:image:type\" content=\"image\/webp\" \/>\n<meta name=\"author\" content=\"Feuille Ciseaux\" \/>\n<meta name=\"twitter:card\" content=\"summary_large_image\" \/>\n<meta name=\"twitter:label1\" content=\"\u00c9crit par\" \/>\n\t<meta name=\"twitter:data1\" content=\"Feuille Ciseaux\" \/>\n\t<meta name=\"twitter:label2\" content=\"Dur\u00e9e de lecture estim\u00e9e\" \/>\n\t<meta name=\"twitter:data2\" content=\"2 minutes\" \/>\n<script type=\"application\/ld+json\" class=\"yoast-schema-graph\">{\"@context\":\"https:\/\/schema.org\",\"@graph\":[{\"@type\":\"Article\",\"@id\":\"https:\/\/sarahgellini.com\/index.php\/en\/2023\/11\/01\/sarah-gellini-revisits-richard-cocciante-release-on-november-3rd\/#article\",\"isPartOf\":{\"@id\":\"https:\/\/sarahgellini.com\/index.php\/en\/2023\/11\/01\/sarah-gellini-revisits-richard-cocciante-release-on-november-3rd\/\"},\"author\":{\"name\":\"Feuille Ciseaux\",\"@id\":\"https:\/\/sarahgellini.com\/#\/schema\/person\/d847a1172ef22d19d8aec637c3d9645c\"},\"headline\":\"Sarah Gellini revisits Richard Cocciante: Release on November 3rd!\",\"datePublished\":\"2023-11-01T11:58:11+00:00\",\"dateModified\":\"2023-11-01T17:08:43+00:00\",\"mainEntityOfPage\":{\"@id\":\"https:\/\/sarahgellini.com\/index.php\/en\/2023\/11\/01\/sarah-gellini-revisits-richard-cocciante-release-on-november-3rd\/\"},\"wordCount\":255,\"commentCount\":0,\"publisher\":{\"@id\":\"https:\/\/sarahgellini.com\/#organization\"},\"image\":{\"@id\":\"https:\/\/sarahgellini.com\/index.php\/en\/2023\/11\/01\/sarah-gellini-revisits-richard-cocciante-release-on-november-3rd\/#primaryimage\"},\"thumbnailUrl\":\"https:\/\/sarahgellini.com\/wp-content\/uploads\/2023\/10\/Pochette_Recto.webp\",\"articleSection\":[\"Blog\"],\"inLanguage\":\"fr-FR\",\"potentialAction\":[{\"@type\":\"CommentAction\",\"name\":\"Comment\",\"target\":[\"https:\/\/sarahgellini.com\/index.php\/en\/2023\/11\/01\/sarah-gellini-revisits-richard-cocciante-release-on-november-3rd\/#respond\"]}]},{\"@type\":\"WebPage\",\"@id\":\"https:\/\/sarahgellini.com\/index.php\/en\/2023\/11\/01\/sarah-gellini-revisits-richard-cocciante-release-on-november-3rd\/\",\"url\":\"https:\/\/sarahgellini.com\/index.php\/en\/2023\/11\/01\/sarah-gellini-revisits-richard-cocciante-release-on-november-3rd\/\",\"name\":\"Sarah Gellini revisits Richard Cocciante: Release on November 3rd! - Sarah Gellini\",\"isPartOf\":{\"@id\":\"https:\/\/sarahgellini.com\/#website\"},\"primaryImageOfPage\":{\"@id\":\"https:\/\/sarahgellini.com\/index.php\/en\/2023\/11\/01\/sarah-gellini-revisits-richard-cocciante-release-on-november-3rd\/#primaryimage\"},\"image\":{\"@id\":\"https:\/\/sarahgellini.com\/index.php\/en\/2023\/11\/01\/sarah-gellini-revisits-richard-cocciante-release-on-november-3rd\/#primaryimage\"},\"thumbnailUrl\":\"https:\/\/sarahgellini.com\/wp-content\/uploads\/2023\/10\/Pochette_Recto.webp\",\"datePublished\":\"2023-11-01T11:58:11+00:00\",\"dateModified\":\"2023-11-01T17:08:43+00:00\",\"description\":\"Release of Sarah Gellini's first single: discover the enchanting debut of this Franco-Italian singer. A melody not to be missed!\",\"breadcrumb\":{\"@id\":\"https:\/\/sarahgellini.com\/index.php\/en\/2023\/11\/01\/sarah-gellini-revisits-richard-cocciante-release-on-november-3rd\/#breadcrumb\"},\"inLanguage\":\"fr-FR\",\"potentialAction\":[{\"@type\":\"ReadAction\",\"target\":[\"https:\/\/sarahgellini.com\/index.php\/en\/2023\/11\/01\/sarah-gellini-revisits-richard-cocciante-release-on-november-3rd\/\"]}]},{\"@type\":\"ImageObject\",\"inLanguage\":\"fr-FR\",\"@id\":\"https:\/\/sarahgellini.com\/index.php\/en\/2023\/11\/01\/sarah-gellini-revisits-richard-cocciante-release-on-november-3rd\/#primaryimage\",\"url\":\"https:\/\/sarahgellini.com\/wp-content\/uploads\/2023\/10\/Pochette_Recto.webp\",\"contentUrl\":\"https:\/\/sarahgellini.com\/wp-content\/uploads\/2023\/10\/Pochette_Recto.webp\",\"width\":800,\"height\":800},{\"@type\":\"BreadcrumbList\",\"@id\":\"https:\/\/sarahgellini.com\/index.php\/en\/2023\/11\/01\/sarah-gellini-revisits-richard-cocciante-release-on-november-3rd\/#breadcrumb\",\"itemListElement\":[{\"@type\":\"ListItem\",\"position\":1,\"name\":\"Accueil\",\"item\":\"https:\/\/sarahgellini.com\/\"},{\"@type\":\"ListItem\",\"position\":2,\"name\":\"Sarah Gellini revisits Richard Cocciante: Release on November 3rd!\"}]},{\"@type\":\"WebSite\",\"@id\":\"https:\/\/sarahgellini.com\/#website\",\"url\":\"https:\/\/sarahgellini.com\/\",\"name\":\"Sarah Gellini\",\"description\":\"Chanteuse-auteure-interpr\u00e8te - Chansons fran\u00e7aises et italiennes\",\"publisher\":{\"@id\":\"https:\/\/sarahgellini.com\/#organization\"},\"potentialAction\":[{\"@type\":\"SearchAction\",\"target\":{\"@type\":\"EntryPoint\",\"urlTemplate\":\"https:\/\/sarahgellini.com\/?s={search_term_string}\"},\"query-input\":{\"@type\":\"PropertyValueSpecification\",\"valueRequired\":true,\"valueName\":\"search_term_string\"}}],\"inLanguage\":\"fr-FR\"},{\"@type\":\"Organization\",\"@id\":\"https:\/\/sarahgellini.com\/#organization\",\"name\":\"Sarah Gellini\",\"url\":\"https:\/\/sarahgellini.com\/\",\"logo\":{\"@type\":\"ImageObject\",\"inLanguage\":\"fr-FR\",\"@id\":\"https:\/\/sarahgellini.com\/#\/schema\/logo\/image\/\",\"url\":\"https:\/\/sarahgellini.com\/wp-content\/uploads\/2023\/09\/Sarah-Gellini_white_high-res-copie-scaled.webp\",\"contentUrl\":\"https:\/\/sarahgellini.com\/wp-content\/uploads\/2023\/09\/Sarah-Gellini_white_high-res-copie-scaled.webp\",\"width\":2560,\"height\":1707,\"caption\":\"Sarah Gellini\"},\"image\":{\"@id\":\"https:\/\/sarahgellini.com\/#\/schema\/logo\/image\/\"},\"sameAs\":[\"https:\/\/www.facebook.com\/sarah.gellini\",\"https:\/\/www.instagram.com\/sarah_gellini\/\",\"https:\/\/www.youtube.com\/@sarahgellini\",\"https:\/\/www.tiktok.com\/@sarahgellini\"]},{\"@type\":\"Person\",\"@id\":\"https:\/\/sarahgellini.com\/#\/schema\/person\/d847a1172ef22d19d8aec637c3d9645c\",\"name\":\"Feuille Ciseaux\",\"image\":{\"@type\":\"ImageObject\",\"inLanguage\":\"fr-FR\",\"@id\":\"https:\/\/sarahgellini.com\/#\/schema\/person\/image\/\",\"url\":\"https:\/\/secure.gravatar.com\/avatar\/e6b326ab5ccb1d4760ddfbcc4d71692e?s=96&d=mm&r=g\",\"contentUrl\":\"https:\/\/secure.gravatar.com\/avatar\/e6b326ab5ccb1d4760ddfbcc4d71692e?s=96&d=mm&r=g\",\"caption\":\"Feuille Ciseaux\"},\"url\":\"https:\/\/sarahgellini.com\/index.php\/author\/feuilleciseaux\/\"}]}<\/script>\n<!-- \/ Yoast SEO plugin. -->","yoast_head_json":{"title":"Sarah Gellini revisits Richard Cocciante: Release on November 3rd! - Sarah Gellini","description":"Release of Sarah Gellini's first single: discover the enchanting debut of this Franco-Italian singer. A melody not to be missed!","robots":{"index":"index","follow":"follow","max-snippet":"max-snippet:-1","max-image-preview":"max-image-preview:large","max-video-preview":"max-video-preview:-1"},"canonical":"https:\/\/sarahgellini.com\/index.php\/en\/2023\/11\/01\/sarah-gellini-revisits-richard-cocciante-release-on-november-3rd\/","og_locale":"fr_FR","og_type":"article","og_title":"Sarah Gellini revisits Richard Cocciante: Release on November 3rd! - Sarah Gellini","og_description":"Release of Sarah Gellini's first single: discover the enchanting debut of this Franco-Italian singer. A melody not to be missed!","og_url":"https:\/\/sarahgellini.com\/index.php\/en\/2023\/11\/01\/sarah-gellini-revisits-richard-cocciante-release-on-november-3rd\/","og_site_name":"Sarah Gellini","article_publisher":"https:\/\/www.facebook.com\/sarah.gellini","article_published_time":"2023-11-01T11:58:11+00:00","article_modified_time":"2023-11-01T17:08:43+00:00","og_image":[{"width":800,"height":800,"url":"https:\/\/sarahgellini.com\/wp-content\/uploads\/2023\/10\/Pochette_Recto.webp","type":"image\/webp"}],"author":"Feuille Ciseaux","twitter_card":"summary_large_image","twitter_misc":{"\u00c9crit par":"Feuille Ciseaux","Dur\u00e9e de lecture estim\u00e9e":"2 minutes"},"schema":{"@context":"https:\/\/schema.org","@graph":[{"@type":"Article","@id":"https:\/\/sarahgellini.com\/index.php\/en\/2023\/11\/01\/sarah-gellini-revisits-richard-cocciante-release-on-november-3rd\/#article","isPartOf":{"@id":"https:\/\/sarahgellini.com\/index.php\/en\/2023\/11\/01\/sarah-gellini-revisits-richard-cocciante-release-on-november-3rd\/"},"author":{"name":"Feuille Ciseaux","@id":"https:\/\/sarahgellini.com\/#\/schema\/person\/d847a1172ef22d19d8aec637c3d9645c"},"headline":"Sarah Gellini revisits Richard Cocciante: Release on November 3rd!","datePublished":"2023-11-01T11:58:11+00:00","dateModified":"2023-11-01T17:08:43+00:00","mainEntityOfPage":{"@id":"https:\/\/sarahgellini.com\/index.php\/en\/2023\/11\/01\/sarah-gellini-revisits-richard-cocciante-release-on-november-3rd\/"},"wordCount":255,"commentCount":0,"publisher":{"@id":"https:\/\/sarahgellini.com\/#organization"},"image":{"@id":"https:\/\/sarahgellini.com\/index.php\/en\/2023\/11\/01\/sarah-gellini-revisits-richard-cocciante-release-on-november-3rd\/#primaryimage"},"thumbnailUrl":"https:\/\/sarahgellini.com\/wp-content\/uploads\/2023\/10\/Pochette_Recto.webp","articleSection":["Blog"],"inLanguage":"fr-FR","potentialAction":[{"@type":"CommentAction","name":"Comment","target":["https:\/\/sarahgellini.com\/index.php\/en\/2023\/11\/01\/sarah-gellini-revisits-richard-cocciante-release-on-november-3rd\/#respond"]}]},{"@type":"WebPage","@id":"https:\/\/sarahgellini.com\/index.php\/en\/2023\/11\/01\/sarah-gellini-revisits-richard-cocciante-release-on-november-3rd\/","url":"https:\/\/sarahgellini.com\/index.php\/en\/2023\/11\/01\/sarah-gellini-revisits-richard-cocciante-release-on-november-3rd\/","name":"Sarah Gellini revisits Richard Cocciante: Release on November 3rd! - Sarah Gellini","isPartOf":{"@id":"https:\/\/sarahgellini.com\/#website"},"primaryImageOfPage":{"@id":"https:\/\/sarahgellini.com\/index.php\/en\/2023\/11\/01\/sarah-gellini-revisits-richard-cocciante-release-on-november-3rd\/#primaryimage"},"image":{"@id":"https:\/\/sarahgellini.com\/index.php\/en\/2023\/11\/01\/sarah-gellini-revisits-richard-cocciante-release-on-november-3rd\/#primaryimage"},"thumbnailUrl":"https:\/\/sarahgellini.com\/wp-content\/uploads\/2023\/10\/Pochette_Recto.webp","datePublished":"2023-11-01T11:58:11+00:00","dateModified":"2023-11-01T17:08:43+00:00","description":"Release of Sarah Gellini's first single: discover the enchanting debut of this Franco-Italian singer. A melody not to be missed!","breadcrumb":{"@id":"https:\/\/sarahgellini.com\/index.php\/en\/2023\/11\/01\/sarah-gellini-revisits-richard-cocciante-release-on-november-3rd\/#breadcrumb"},"inLanguage":"fr-FR","potentialAction":[{"@type":"ReadAction","target":["https:\/\/sarahgellini.com\/index.php\/en\/2023\/11\/01\/sarah-gellini-revisits-richard-cocciante-release-on-november-3rd\/"]}]},{"@type":"ImageObject","inLanguage":"fr-FR","@id":"https:\/\/sarahgellini.com\/index.php\/en\/2023\/11\/01\/sarah-gellini-revisits-richard-cocciante-release-on-november-3rd\/#primaryimage","url":"https:\/\/sarahgellini.com\/wp-content\/uploads\/2023\/10\/Pochette_Recto.webp","contentUrl":"https:\/\/sarahgellini.com\/wp-content\/uploads\/2023\/10\/Pochette_Recto.webp","width":800,"height":800},{"@type":"BreadcrumbList","@id":"https:\/\/sarahgellini.com\/index.php\/en\/2023\/11\/01\/sarah-gellini-revisits-richard-cocciante-release-on-november-3rd\/#breadcrumb","itemListElement":[{"@type":"ListItem","position":1,"name":"Accueil","item":"https:\/\/sarahgellini.com\/"},{"@type":"ListItem","position":2,"name":"Sarah Gellini revisits Richard Cocciante: Release on November 3rd!"}]},{"@type":"WebSite","@id":"https:\/\/sarahgellini.com\/#website","url":"https:\/\/sarahgellini.com\/","name":"Sarah Gellini","description":"Chanteuse-auteure-interpr\u00e8te - Chansons fran\u00e7aises et italiennes","publisher":{"@id":"https:\/\/sarahgellini.com\/#organization"},"potentialAction":[{"@type":"SearchAction","target":{"@type":"EntryPoint","urlTemplate":"https:\/\/sarahgellini.com\/?s={search_term_string}"},"query-input":{"@type":"PropertyValueSpecification","valueRequired":true,"valueName":"search_term_string"}}],"inLanguage":"fr-FR"},{"@type":"Organization","@id":"https:\/\/sarahgellini.com\/#organization","name":"Sarah Gellini","url":"https:\/\/sarahgellini.com\/","logo":{"@type":"ImageObject","inLanguage":"fr-FR","@id":"https:\/\/sarahgellini.com\/#\/schema\/logo\/image\/","url":"https:\/\/sarahgellini.com\/wp-content\/uploads\/2023\/09\/Sarah-Gellini_white_high-res-copie-scaled.webp","contentUrl":"https:\/\/sarahgellini.com\/wp-content\/uploads\/2023\/09\/Sarah-Gellini_white_high-res-copie-scaled.webp","width":2560,"height":1707,"caption":"Sarah Gellini"},"image":{"@id":"https:\/\/sarahgellini.com\/#\/schema\/logo\/image\/"},"sameAs":["https:\/\/www.facebook.com\/sarah.gellini","https:\/\/www.instagram.com\/sarah_gellini\/","https:\/\/www.youtube.com\/@sarahgellini","https:\/\/www.tiktok.com\/@sarahgellini"]},{"@type":"Person","@id":"https:\/\/sarahgellini.com\/#\/schema\/person\/d847a1172ef22d19d8aec637c3d9645c","name":"Feuille Ciseaux","image":{"@type":"ImageObject","inLanguage":"fr-FR","@id":"https:\/\/sarahgellini.com\/#\/schema\/person\/image\/","url":"https:\/\/secure.gravatar.com\/avatar\/e6b326ab5ccb1d4760ddfbcc4d71692e?s=96&d=mm&r=g","contentUrl":"https:\/\/secure.gravatar.com\/avatar\/e6b326ab5ccb1d4760ddfbcc4d71692e?s=96&d=mm&r=g","caption":"Feuille Ciseaux"},"url":"https:\/\/sarahgellini.com\/index.php\/author\/feuilleciseaux\/"}]}},"_links":{"self":[{"href":"https:\/\/sarahgellini.com\/index.php\/wp-json\/wp\/v2\/posts\/839"}],"collection":[{"href":"https:\/\/sarahgellini.com\/index.php\/wp-json\/wp\/v2\/posts"}],"about":[{"href":"https:\/\/sarahgellini.com\/index.php\/wp-json\/wp\/v2\/types\/post"}],"author":[{"embeddable":true,"href":"https:\/\/sarahgellini.com\/index.php\/wp-json\/wp\/v2\/users\/2"}],"replies":[{"embeddable":true,"href":"https:\/\/sarahgellini.com\/index.php\/wp-json\/wp\/v2\/comments?post=839"}],"version-history":[{"count":3,"href":"https:\/\/sarahgellini.com\/index.php\/wp-json\/wp\/v2\/posts\/839\/revisions"}],"predecessor-version":[{"id":885,"href":"https:\/\/sarahgellini.com\/index.php\/wp-json\/wp\/v2\/posts\/839\/revisions\/885"}],"wp:featuredmedia":[{"embeddable":true,"href":"https:\/\/sarahgellini.com\/index.php\/wp-json\/wp\/v2\/media\/349"}],"wp:attachment":[{"href":"https:\/\/sarahgellini.com\/index.php\/wp-json\/wp\/v2\/media?parent=839"}],"wp:term":[{"taxonomy":"category","embeddable":true,"href":"https:\/\/sarahgellini.com\/index.php\/wp-json\/wp\/v2\/categories?post=839"},{"taxonomy":"post_tag","embeddable":true,"href":"https:\/\/sarahgellini.com\/index.php\/wp-json\/wp\/v2\/tags?post=839"}],"curies":[{"name":"wp","href":"https:\/\/api.w.org\/{rel}","templated":true}]}}